{"id":188,"date":"2009-11-26T08:26:43","date_gmt":"2009-11-26T07:26:43","guid":{"rendered":"http:\/\/www.atvomsolscheid.de\/wordpress\/?p=188"},"modified":"2009-11-26T08:27:18","modified_gmt":"2009-11-26T07:27:18","slug":"e-wurf-wird-13-jahre-alt-261109","status":"publish","type":"post","link":"https:\/\/www.atvomsolscheid.de\/wordpress\/188_e-wurf-wird-13-jahre-alt-261109\/","title":{"rendered":"E-Wurf wird 13 Jahre alt (26.11.09)"},"content":{"rendered":"<p> \tEiko, Emil Schr\u00f6der,Eddy alias Atze, Eila und Eyleen k\u00f6nnen sich heute besonders verw\u00f6hnen lassen! 13 Jahre sind sie nun alt &#8211; wir w\u00fcnschen ihnen noch eine weitere sch\u00f6ne &#8222;Seniorenzeit&#8220;!<\/p>\n","protected":false},"excerpt":{"rendered":"<p> \tEiko, Emil Schr\u00f6der,Eddy alias Atze, Eila und Eyleen k\u00f6nnen sich heute besonders verw\u00f6hnen lassen! 13 Jahre sind sie nun alt &#8211; wir w\u00fcnschen ihnen noch eine weitere sch\u00f6ne &#8222;Seniorenzeit&#8220;!<\/p>\n","protected":false},"author":3,"featured_media":0,"comment_status":"open","ping_status":"closed","sticky":false,"template":"","format":"standard","meta":{"footnotes":""},"categories":[1],"tags":[],"class_list":["post-188","post","type-post","status-publish","format-standard","hentry","category-allgemein"],"_links":{"self":[{"href":"https:\/\/www.atvomsolscheid.de\/wordpress\/wp-json\/wp\/v2\/posts\/188","targetHints":{"allow":["GET"]}}],"collection":[{"href":"https:\/\/www.atvomsolscheid.de\/wordpress\/wp-json\/wp\/v2\/posts"}],"about":[{"href":"https:\/\/www.atvomsolscheid.de\/wordpress\/wp-json\/wp\/v2\/types\/post"}],"author":[{"embeddable":true,"href":"https:\/\/www.atvomsolscheid.de\/wordpress\/wp-json\/wp\/v2\/users\/3"}],"replies":[{"embeddable":true,"href":"https:\/\/www.atvomsolscheid.de\/wordpress\/wp-json\/wp\/v2\/comments?post=188"}],"version-history":[{"count":0,"href":"https:\/\/www.atvomsolscheid.de\/wordpress\/wp-json\/wp\/v2\/posts\/188\/revisions"}],"wp:attachment":[{"href":"https:\/\/www.atvomsolscheid.de\/wordpress\/wp-json\/wp\/v2\/media?parent=188"}],"wp:term":[{"taxonomy":"category","embeddable":true,"href":"https:\/\/www.atvomsolscheid.de\/wordpress\/wp-json\/wp\/v2\/categories?post=188"},{"taxonomy":"post_tag","embeddable":true,"href":"https:\/\/www.atvomsolscheid.de\/wordpress\/wp-json\/wp\/v2\/tags?post=188"}],"curies":[{"name":"wp","href":"https:\/\/api.w.org\/{rel}","templated":true}]}}