{"id":527,"date":"2014-05-03T09:15:59","date_gmt":"2014-05-03T08:15:59","guid":{"rendered":"http:\/\/www.atvomsolscheid.de\/wordpress\/?p=527"},"modified":"2014-05-03T09:15:59","modified_gmt":"2014-05-03T08:15:59","slug":"jule-wird-13-jahre-alt-3514","status":"publish","type":"post","link":"https:\/\/www.atvomsolscheid.de\/wordpress\/527_jule-wird-13-jahre-alt-3514\/","title":{"rendered":"Jule wird 13 Jahre alt! (3.5.14)"},"content":{"rendered":"<p> \tHeute vor 13 Jahren wurde unser J-Wurf geboren &#8211; Jule gr\u00fc\u00dft ihre Br\u00fcder Jason und Jakob zu ihrem gemeinsamen Geburtstag! Happy Birthday!<\/p>\n","protected":false},"excerpt":{"rendered":"<p> \tHeute vor 13 Jahren wurde unser J-Wurf geboren &#8211; Jule gr\u00fc\u00dft ihre Br\u00fcder Jason und Jakob zu ihrem gemeinsamen Geburtstag! Happy Birthday!<\/p>\n","protected":false},"author":3,"featured_media":0,"comment_status":"open","ping_status":"closed","sticky":false,"template":"","format":"standard","meta":{"footnotes":""},"categories":[1],"tags":[],"class_list":["post-527","post","type-post","status-publish","format-standard","hentry","category-allgemein"],"_links":{"self":[{"href":"https:\/\/www.atvomsolscheid.de\/wordpress\/wp-json\/wp\/v2\/posts\/527","targetHints":{"allow":["GET"]}}],"collection":[{"href":"https:\/\/www.atvomsolscheid.de\/wordpress\/wp-json\/wp\/v2\/posts"}],"about":[{"href":"https:\/\/www.atvomsolscheid.de\/wordpress\/wp-json\/wp\/v2\/types\/post"}],"author":[{"embeddable":true,"href":"https:\/\/www.atvomsolscheid.de\/wordpress\/wp-json\/wp\/v2\/users\/3"}],"replies":[{"embeddable":true,"href":"https:\/\/www.atvomsolscheid.de\/wordpress\/wp-json\/wp\/v2\/comments?post=527"}],"version-history":[{"count":0,"href":"https:\/\/www.atvomsolscheid.de\/wordpress\/wp-json\/wp\/v2\/posts\/527\/revisions"}],"wp:attachment":[{"href":"https:\/\/www.atvomsolscheid.de\/wordpress\/wp-json\/wp\/v2\/media?parent=527"}],"wp:term":[{"taxonomy":"category","embeddable":true,"href":"https:\/\/www.atvomsolscheid.de\/wordpress\/wp-json\/wp\/v2\/categories?post=527"},{"taxonomy":"post_tag","embeddable":true,"href":"https:\/\/www.atvomsolscheid.de\/wordpress\/wp-json\/wp\/v2\/tags?post=527"}],"curies":[{"name":"wp","href":"https:\/\/api.w.org\/{rel}","templated":true}]}}