{"id":872,"date":"2016-10-05T13:17:04","date_gmt":"2016-10-05T12:17:04","guid":{"rendered":"http:\/\/www.atvomsolscheid.de\/wordpress\/?p=872"},"modified":"2016-10-05T13:20:02","modified_gmt":"2016-10-05T12:20:02","slug":"obedience-turnier-bei-der-kft-og-ostalb-2-10-16","status":"publish","type":"post","link":"https:\/\/www.atvomsolscheid.de\/wordpress\/872_obedience-turnier-bei-der-kft-og-ostalb-2-10-16\/","title":{"rendered":"Obedience Turnier bei der KfT OG Ostalb (2.10.16)"},"content":{"rendered":"<p> \tZwei Solscheider starteten bei diesem Wettkampf. <strong>Tom Takoda<\/strong> gen. Kalle und seine Hundef\u00fchrerin Suvi Koljonen starteten in der Klasse 2 und verpassten mit 0,5 Punkten ganz knapp das Werturteil &#8222;V&#8220; &#8211; sie belegten mit 255,5 Punkten den 2. Platz. <strong>Vianni<\/strong> und ihre Hundef\u00fchrerin Uta Hiller belegten in der Klasse 1 mit 289,5 Punkten (&#8222;V&#8220;) im str\u00f6menden Regen den Platz 1!! Herzliche Gl\u00fcckw\u00fcnsche an die erfolgreichen Teams &#8211; ihr habt die Solscheider wirklich w\u00fcrdig vertreten!!!!<\/p>\n","protected":false},"excerpt":{"rendered":"<p> \tZwei Solscheider starteten bei diesem Wettkampf. Tom Takoda gen. Kalle und seine Hundef\u00fchrerin Suvi Koljonen starteten in der Klasse 2 und verpassten mit 0,5 Punkten ganz knapp das Werturteil &#8222;V&#8220; &#8211; sie belegten mit 255,5 Punkten den 2. Platz. Vianni und ihre Hundef\u00fchrerin Uta Hiller belegten in der Klasse 1 mit 289,5 Punkten (&#8222;V&#8220;) im [&hellip;]<\/p>\n","protected":false},"author":3,"featured_media":0,"comment_status":"open","ping_status":"closed","sticky":false,"template":"","format":"standard","meta":{"footnotes":""},"categories":[1],"tags":[],"class_list":["post-872","post","type-post","status-publish","format-standard","hentry","category-allgemein"],"_links":{"self":[{"href":"https:\/\/www.atvomsolscheid.de\/wordpress\/wp-json\/wp\/v2\/posts\/872","targetHints":{"allow":["GET"]}}],"collection":[{"href":"https:\/\/www.atvomsolscheid.de\/wordpress\/wp-json\/wp\/v2\/posts"}],"about":[{"href":"https:\/\/www.atvomsolscheid.de\/wordpress\/wp-json\/wp\/v2\/types\/post"}],"author":[{"embeddable":true,"href":"https:\/\/www.atvomsolscheid.de\/wordpress\/wp-json\/wp\/v2\/users\/3"}],"replies":[{"embeddable":true,"href":"https:\/\/www.atvomsolscheid.de\/wordpress\/wp-json\/wp\/v2\/comments?post=872"}],"version-history":[{"count":2,"href":"https:\/\/www.atvomsolscheid.de\/wordpress\/wp-json\/wp\/v2\/posts\/872\/revisions"}],"predecessor-version":[{"id":874,"href":"https:\/\/www.atvomsolscheid.de\/wordpress\/wp-json\/wp\/v2\/posts\/872\/revisions\/874"}],"wp:attachment":[{"href":"https:\/\/www.atvomsolscheid.de\/wordpress\/wp-json\/wp\/v2\/media?parent=872"}],"wp:term":[{"taxonomy":"category","embeddable":true,"href":"https:\/\/www.atvomsolscheid.de\/wordpress\/wp-json\/wp\/v2\/categories?post=872"},{"taxonomy":"post_tag","embeddable":true,"href":"https:\/\/www.atvomsolscheid.de\/wordpress\/wp-json\/wp\/v2\/tags?post=872"}],"curies":[{"name":"wp","href":"https:\/\/api.w.org\/{rel}","templated":true}]}}